{"id":3283,"date":"2014-09-20T02:39:49","date_gmt":"2014-09-20T00:39:49","guid":{"rendered":"http:\/\/catchit.hu\/?p=3283"},"modified":"2014-10-23T20:30:28","modified_gmt":"2014-10-23T18:30:28","slug":"3283","status":"publish","type":"post","link":"http:\/\/catchit.hu\/?p=3283","title":{"rendered":""},"content":{"rendered":"<p><a href=\"http:\/\/catchit.hu\/wp-content\/uploads\/2014\/09\/F3940002.jpg\"><img decoding=\"async\" loading=\"lazy\" src=\"http:\/\/catchit.hu\/wp-content\/uploads\/2014\/09\/F3940002.jpg\" alt=\"F3940002\" width=\"1000\" height=\"670\" class=\"alignnone size-full wp-image-3284\" srcset=\"http:\/\/catchit.hu\/wp-content\/uploads\/2014\/09\/F3940002.jpg 1000w, http:\/\/catchit.hu\/wp-content\/uploads\/2014\/09\/F3940002-300x201.jpg 300w, http:\/\/catchit.hu\/wp-content\/uploads\/2014\/09\/F3940002-340x227.jpg 340w, http:\/\/catchit.hu\/wp-content\/uploads\/2014\/09\/F3940002-370x247.jpg 370w\" sizes=\"(max-width: 1000px) 100vw, 1000px\" \/><\/a><\/p>\n<p>\u00e9n zih\u00e1lok a visszaford\u00edthatatlant\u00f3l a tudatt\u00f3l<br \/>\nhogy nincs menekv\u00e9s hogy bennem ott zakatol<br \/>\nhogy v\u00e9ge van hogy minden megszakad holnapt\u00f3l<br \/>\n\u00e9n f\u00e9lek a hal\u00e1lt\u00f3l<\/p>\n<p>\u00e9pitetlen k\u00e9pek romos szag\u00e1ban \u00fcld\u00f6g\u00e9lve<br \/>\nkiv\u00e1rva a holnapot de sosem \u00e9lve<br \/>\nhagyva az id\u0151t hogy felfalja a jelent<br \/>\nelmenni mellettem az \u00e9letet<\/p>\n<p>\u00e9n az \u00e9lett\u0151l f\u00e9lek a hal\u00e1l al\u0151tti utols\u00f3 pillanatt\u00f3l hogy nem \u00e9ltem<\/p>\n<!-- AddThis Advanced Settings generic via filter on the_content --><!-- AddThis Share Buttons generic via filter on the_content -->","protected":false},"excerpt":{"rendered":"<p>\u00e9n zih\u00e1lok a visszaford\u00edthatatlant\u00f3l a tudatt\u00f3l hogy nincs menekv\u00e9s hogy bennem ott zakatol hogy v\u00e9ge van hogy minden megszakad holnapt\u00f3l \u00e9n f\u00e9lek a hal\u00e1lt\u00f3l \u00e9pitetlen k\u00e9pek romos szag\u00e1ban \u00fcld\u00f6g\u00e9lve kiv\u00e1rva a holnapot de sosem \u00e9lve hagyva az id\u0151t hogy felfalja a jelent elmenni mellettem az \u00e9letet \u00e9n az \u00e9lett\u0151l f\u00e9lek a hal\u00e1l al\u0151tti utols\u00f3 pillanatt\u00f3l [&hellip;]<!-- AddThis Advanced Settings generic via filter on get_the_excerpt --><!-- AddThis Share Buttons generic via filter on get_the_excerpt --><\/p>\n","protected":false},"author":1,"featured_media":0,"comment_status":"open","ping_status":"open","sticky":false,"template":"","format":"standard","meta":[],"categories":[1],"tags":[],"_links":{"self":[{"href":"http:\/\/catchit.hu\/index.php?rest_route=\/wp\/v2\/posts\/3283"}],"collection":[{"href":"http:\/\/catchit.hu\/index.php?rest_route=\/wp\/v2\/posts"}],"about":[{"href":"http:\/\/catchit.hu\/index.php?rest_route=\/wp\/v2\/types\/post"}],"author":[{"embeddable":true,"href":"http:\/\/catchit.hu\/index.php?rest_route=\/wp\/v2\/users\/1"}],"replies":[{"embeddable":true,"href":"http:\/\/catchit.hu\/index.php?rest_route=%2Fwp%2Fv2%2Fcomments&post=3283"}],"version-history":[{"count":3,"href":"http:\/\/catchit.hu\/index.php?rest_route=\/wp\/v2\/posts\/3283\/revisions"}],"predecessor-version":[{"id":3596,"href":"http:\/\/catchit.hu\/index.php?rest_route=\/wp\/v2\/posts\/3283\/revisions\/3596"}],"wp:attachment":[{"href":"http:\/\/catchit.hu\/index.php?rest_route=%2Fwp%2Fv2%2Fmedia&parent=3283"}],"wp:term":[{"taxonomy":"category","embeddable":true,"href":"http:\/\/catchit.hu\/index.php?rest_route=%2Fwp%2Fv2%2Fcategories&post=3283"},{"taxonomy":"post_tag","embeddable":true,"href":"http:\/\/catchit.hu\/index.php?rest_route=%2Fwp%2Fv2%2Ftags&post=3283"}],"curies":[{"name":"wp","href":"https:\/\/api.w.org\/{rel}","templated":true}]}}