{"id":8318,"date":"2019-07-04T09:52:16","date_gmt":"2019-07-04T07:52:16","guid":{"rendered":"http:\/\/catchit.hu\/?p=8318"},"modified":"2019-07-04T09:52:16","modified_gmt":"2019-07-04T07:52:16","slug":"repteri","status":"publish","type":"post","link":"http:\/\/catchit.hu\/?p=8318","title":{"rendered":"rept\u00e9ri"},"content":{"rendered":"<p><a href=\"http:\/\/catchit.hu\/wp-content\/uploads\/2019\/07\/64405511_2421388384589839_1155308123443953664_n.jpg\"><img decoding=\"async\" loading=\"lazy\" class=\"aligncenter size-medium wp-image-8319\" src=\"http:\/\/catchit.hu\/wp-content\/uploads\/2019\/07\/64405511_2421388384589839_1155308123443953664_n-225x300.jpg\" alt=\"\" width=\"225\" height=\"300\" srcset=\"http:\/\/catchit.hu\/wp-content\/uploads\/2019\/07\/64405511_2421388384589839_1155308123443953664_n-225x300.jpg 225w, http:\/\/catchit.hu\/wp-content\/uploads\/2019\/07\/64405511_2421388384589839_1155308123443953664_n-340x453.jpg 340w, http:\/\/catchit.hu\/wp-content\/uploads\/2019\/07\/64405511_2421388384589839_1155308123443953664_n-370x493.jpg 370w, http:\/\/catchit.hu\/wp-content\/uploads\/2019\/07\/64405511_2421388384589839_1155308123443953664_n.jpg 720w\" sizes=\"(max-width: 225px) 100vw, 225px\" \/><\/a><\/p>\n<p>&nbsp;<\/p>\n<p>M\u00e1r nem szeretek rep\u00fclni mert miut\u00e1n le j\u00f6v\u00f6k a szar rept\u00e9ri s\u00f6rr\u00f6l csak te maradsz megint hogy nem vagy \u00e9s a gondolataim. Nincs hova menni. Kiv\u00e1rni megk\u00fczdeni tudatos\u00edtani hogy elmulik hogy oka van \u00e9s ir\u00e1nya van \u00e9s rajtam m\u00falik. Nincs baj. \u00c9n se vagyok. Te se.<\/p>\n<p>P\u00e1rizs. Leszalltunk. Este Fel t\u00edz. Ragyog a nap. Hihetettlen<br \/>\nBazdmeg ha l\u00e1tn\u00e1d&#8230;<\/p>\n<!-- AddThis Advanced Settings generic via filter on the_content --><!-- AddThis Share Buttons generic via filter on the_content -->","protected":false},"excerpt":{"rendered":"<p>&nbsp; M\u00e1r nem szeretek rep\u00fclni mert miut\u00e1n le j\u00f6v\u00f6k a szar rept\u00e9ri s\u00f6rr\u00f6l csak te maradsz megint hogy nem vagy \u00e9s a gondolataim. Nincs hova menni. Kiv\u00e1rni megk\u00fczdeni tudatos\u00edtani hogy elmulik hogy oka van \u00e9s ir\u00e1nya van \u00e9s rajtam m\u00falik. Nincs baj. \u00c9n se vagyok. Te se. P\u00e1rizs. Leszalltunk. Este Fel t\u00edz. Ragyog a nap. [&hellip;]<!-- AddThis Advanced Settings generic via filter on get_the_excerpt --><!-- AddThis Share Buttons generic via filter on get_the_excerpt --><\/p>\n","protected":false},"author":1,"featured_media":0,"comment_status":"open","ping_status":"open","sticky":false,"template":"","format":"standard","meta":[],"categories":[1],"tags":[],"_links":{"self":[{"href":"http:\/\/catchit.hu\/index.php?rest_route=\/wp\/v2\/posts\/8318"}],"collection":[{"href":"http:\/\/catchit.hu\/index.php?rest_route=\/wp\/v2\/posts"}],"about":[{"href":"http:\/\/catchit.hu\/index.php?rest_route=\/wp\/v2\/types\/post"}],"author":[{"embeddable":true,"href":"http:\/\/catchit.hu\/index.php?rest_route=\/wp\/v2\/users\/1"}],"replies":[{"embeddable":true,"href":"http:\/\/catchit.hu\/index.php?rest_route=%2Fwp%2Fv2%2Fcomments&post=8318"}],"version-history":[{"count":1,"href":"http:\/\/catchit.hu\/index.php?rest_route=\/wp\/v2\/posts\/8318\/revisions"}],"predecessor-version":[{"id":8320,"href":"http:\/\/catchit.hu\/index.php?rest_route=\/wp\/v2\/posts\/8318\/revisions\/8320"}],"wp:attachment":[{"href":"http:\/\/catchit.hu\/index.php?rest_route=%2Fwp%2Fv2%2Fmedia&parent=8318"}],"wp:term":[{"taxonomy":"category","embeddable":true,"href":"http:\/\/catchit.hu\/index.php?rest_route=%2Fwp%2Fv2%2Fcategories&post=8318"},{"taxonomy":"post_tag","embeddable":true,"href":"http:\/\/catchit.hu\/index.php?rest_route=%2Fwp%2Fv2%2Ftags&post=8318"}],"curies":[{"name":"wp","href":"https:\/\/api.w.org\/{rel}","templated":true}]}}